{"id":188411,"date":"2025-12-05T10:39:30","date_gmt":"2025-12-05T09:39:30","guid":{"rendered":"https:\/\/www.cost.eu\/?p=188411"},"modified":"2025-12-17T15:33:25","modified_gmt":"2025-12-17T14:33:25","slug":"long-read-tracts","status":"publish","type":"post","link":"https:\/\/www.cost.eu\/long-read-tracts\/","title":{"rendered":"Long read: traces that connect us"},"content":{"rendered":"\n<h2 class=\"wp-block-heading\" id=\"h-\"><\/h2>\n\n\n<section class=\"wp-blocks-block wp-block-story-banner  alignfull\">\n    <div>\n                    <div\n                            >\n                <div class=\"relative pt-32 pb-32 md:pt-48\">\n                    <div\n                        class=\"absolute inset-0 bg-green-100\"\n                    >\n                                                    <img decoding=\"async\"\n                                class=\"absolute inset-0 !w-full !h-full object-cover\"\n                                src=\"https:\/\/www.cost.eu\/uploads\/2025\/12\/Exhibition.png\"\n                                srcset=\"https:\/\/www.cost.eu\/uploads\/2025\/12\/Exhibition-300x174.png 300w, https:\/\/www.cost.eu\/uploads\/2025\/12\/Exhibition-768x445.png 768w, https:\/\/www.cost.eu\/uploads\/2025\/12\/Exhibition-50x29.png 50w, https:\/\/www.cost.eu\/uploads\/2025\/12\/Exhibition.png 982w\"\n                                alt=\"TRACTS\"\n                                loading=\"lazy\"\n                            >\n                                            <\/div>\n\n                    <div class=\"\n                        relative container\n                        text-white text-shadow\n                        \n                        \n                        \">\n                        <div class=\"text-4xl leading-normal md:text-6xl min-h-64\">\n                            <div class=\"font-bold\" data-aos=\"fade-right\">Traces that connect us<\/div>\n                            <div class=\"text-3xl md:text-6xl\" data-aos=\"fade-up\">COST Action TRACTS<\/div>\n                        <\/div>\n                        <div class=\"text-xl md:text-2xl uppercase mb-4\" data-aos=\"fade\">COST LONG READS &nbsp;<\/div>\n                    <\/div>\n                <\/div>\n            <\/div>\n            <\/div>\n<\/section>\n\n\n\n<p>Across Europe and beyond, traces of the past, such as artefacts, memories and landscape scars, tell stories about who we are and how we live. Until recently, however, there was no single field that brought together the scientists, artists, curators and activists who study these traces.<\/p>\n\n\n\n<div class=\"wp-block-media-text is-stacked-on-mobile\"><figure class=\"wp-block-media-text__media\"><img fetchpriority=\"high\" decoding=\"async\" width=\"1024\" height=\"336\" src=\"https:\/\/www.cost.eu\/uploads\/2025\/12\/Logo-1024x336.png\" alt=\"\" class=\"wp-image-188479 size-full\" srcset=\"https:\/\/www.cost.eu\/uploads\/2025\/12\/Logo-1024x336.png 1024w, https:\/\/www.cost.eu\/uploads\/2025\/12\/Logo-300x98.png 300w, https:\/\/www.cost.eu\/uploads\/2025\/12\/Logo-768x252.png 768w, https:\/\/www.cost.eu\/uploads\/2025\/12\/Logo-50x16.png 50w, https:\/\/www.cost.eu\/uploads\/2025\/12\/Logo-1200x394.png 1200w, https:\/\/www.cost.eu\/uploads\/2025\/12\/Logo.png 1222w\" sizes=\"(max-width: 1024px) 100vw, 1024px\" \/><\/figure><div class=\"wp-block-media-text__content\">\n<p>The COST Action <a href=\"https:\/\/www.cost.eu\/actions\/CA20134\/#tabs+Name:Description\">Traces as a Research Agenda for Climate Change, Technology and Social Justice<\/a> (TRACTS) has taken on the challenge.<\/p>\n<\/div><\/div>\n\n\n\n<p><em>\u201cThe Action\u2019s biggest achievement was to establish trace studies as an interdisciplinary field that connects the past with the present to inform the future\u201d,<\/em> said Dr Magdalena Buchczyk from the Humboldt University of Berlin, the Action Chair. <em>\u201cThis scientific field gives us a fresh, critical perspective for tackling today\u2019s most urgent issues, from climate change and rapid technological shifts to questions of social justice\u201d.<\/em><\/p>\n\n\n\n<p>TRACTS connected over 300 researchers from over 30 countries, creating new ways to understand how material and digital traces, visible and hidden, shape our world.<\/p>\n\n\n\n<p>Through 30 international meetings, five training schools, and 55 research grants, TRACTS transformed these early conversations into a vibrant, global network. The COST framework provided participants with something rare in academia: the time and trust necessary to explore new connections across disciplines that rarely meet.<\/p>\n\n\n\n<p><em>\u201cCOST opened the box of anthropology for me,\u201d<\/em> she recalled. <em>&#8216;It was a catalyst for conversations between artists, activists, scientists, philosophers, archaeologists and environmental humanities scholars that I would never otherwise have had.\u201d<\/em><\/p>\n\n\n<section class=\"wp-blocks-block wp-block-story-banner  alignfull\">\n    <div>\n                    <div\n                            >\n                <div class=\"relative pt-32 pb-32 md:pt-48\">\n                    <div\n                        class=\"absolute inset-0 bg-green-100\"\n                    >\n                                                    <img decoding=\"async\"\n                                class=\"absolute inset-0 !w-full !h-full object-cover\"\n                                src=\"https:\/\/www.cost.eu\/uploads\/2025\/12\/Fire.png\"\n                                srcset=\"https:\/\/www.cost.eu\/uploads\/2025\/12\/Fire-300x137.png 300w, https:\/\/www.cost.eu\/uploads\/2025\/12\/Fire-1024x469.png 1024w, https:\/\/www.cost.eu\/uploads\/2025\/12\/Fire-768x352.png 768w, https:\/\/www.cost.eu\/uploads\/2025\/12\/Fire-50x23.png 50w, https:\/\/www.cost.eu\/uploads\/2025\/12\/Fire.png 1044w\"\n                                alt=\"TRACTS\"\n                                loading=\"lazy\"\n                            >\n                                            <\/div>\n\n                    <div class=\"\n                        relative container\n                        text-white text-shadow\n                        \n                        \n                        \">\n                        <div class=\"text-4xl leading-normal md:text-6xl min-h-64\">\n                            <div class=\"font-bold\" data-aos=\"fade-right\">Conversations on climate, technology, and justice<\/div>\n                            <div class=\"text-3xl md:text-6xl\" data-aos=\"fade-up\"><\/div>\n                        <\/div>\n                        <div class=\"text-xl md:text-2xl uppercase mb-4\" data-aos=\"fade\"> &nbsp;<\/div>\n                    <\/div>\n                <\/div>\n            <\/div>\n            <\/div>\n<\/section>\n\n\n\n<p>Each TRACTS\u2019 Working Group (WG) focused on a different aspect of traces in today&#8217;s world, such as climate change, technology, social justice or ethics.<\/p>\n\n\n\n<p>The WG <strong>\u2018Trace as Ethical, Methodological, and Conceptual Challenge\u2019<\/strong> helped define \u2018trace\u2019 as a shared scientific concept and proved that real interdisciplinarity is possible.<\/p>\n\n\n\n<p><em>\u201cYou can\u2019t talk about the climate crisis without also addressing indigenous claims to land, or without looking at the role of technology in proposed solutions\u201d,<\/em> explained Dr Lee Douglas, WG leader.<\/p>\n\n\n\n<p><em>\u201cWe talk a lot about interdisciplinarity, but in practice it\u2019s much harder than it sounds. TRACTS has really made it happen\u201d,<\/em> said Lee.<\/p>\n\n\n\n<blockquote class=\"wp-block-quote is-layout-flow wp-block-quote-is-layout-flow\">\n<p class=\"has-large-font-size\"><strong><em>\u201cThe humanities and social sciences help us learn from the past, think critically about the present, and imagine solutions for the future.\u201d <\/em><\/strong><\/p>\n\n\n\n<p class=\"has-small-font-size\"><strong>Dr Lee Douglas<\/strong><\/p>\n<\/blockquote>\n\n\n\n<p>The WG <strong>\u2018Traces and Social Justice\u2019<\/strong>, led by Dr Sanja Horvatin\u010di\u0107 and Dr Karolina Pauknerov\u00e1, addressed the legacies of violence, colonialism and inequality, subjects that remain politically charged but necessary to confront with care. <em>\u201cTracing and traces bring us closer to the current challenges such as war, migration and injustice,\u201d <\/em>said Sanja.<\/p>\n\n\n\n<p><em>\u201cWhen you work with sensitive topics like violence and dispossession, you must stay aware and not harm anyone. The goal is to be as ethical as possible\u201d,<\/em> adds Karolina.<\/p>\n\n\n\n<p>The WG <strong>\u2018Traces and Climate Change\u2019<\/strong> focused on traces in relation to climate change, specifically examining the social impact of natural disasters, loss of biodiversity, and environmental degradation (e.g., post-mining and post-conflict landscapes, and rewilding).<\/p>\n\n\n\n<p><em>\u201cLandscapes contain many layers of history,\u201d<\/em> said Alberto Berzosa, co-leader of the WG. <em>\u201cLearning how to read these layers helps us explain our reality in much more detail. This perspective allows us to see landscapes not just as scenery or physical spaces, but as complex records of ecological and social change.\u201d<\/em><\/p>\n\n\n\n<p>The WG <strong>\u2018Trace &amp; Technology\u2019<\/strong> examined how society, innovation and technology both shape and transform the world around us. The group used tools such as satellite imagery to reveal the impact of human activities on landscapes. It also debated the ethical use of emerging technologies, such as artificial intelligence. <em>\u201cTechnology is a tool for investigating traces, but we must also be critical of the traces it creates,\u201d<\/em> explained Dr Ivan \u0160ulc, WG co-leader.<\/p>\n\n\n<section class=\"wp-blocks-block wp-block-story-banner  alignfull\">\n    <div>\n                    <div\n                            >\n                <div class=\"relative pt-32 pb-32 md:pt-48\">\n                    <div\n                        class=\"absolute inset-0 bg-green-100\"\n                    >\n                                                    <img decoding=\"async\"\n                                class=\"absolute inset-0 !w-full !h-full object-cover\"\n                                src=\"https:\/\/www.cost.eu\/uploads\/2025\/12\/DanceFloor.png\"\n                                srcset=\"https:\/\/www.cost.eu\/uploads\/2025\/12\/DanceFloor-300x140.png 300w, https:\/\/www.cost.eu\/uploads\/2025\/12\/DanceFloor-1024x478.png 1024w, https:\/\/www.cost.eu\/uploads\/2025\/12\/DanceFloor-768x358.png 768w, https:\/\/www.cost.eu\/uploads\/2025\/12\/DanceFloor-50x23.png 50w, https:\/\/www.cost.eu\/uploads\/2025\/12\/DanceFloor-1600x746.png 1600w, https:\/\/www.cost.eu\/uploads\/2025\/12\/DanceFloor-1536x716.png 1536w, https:\/\/www.cost.eu\/uploads\/2025\/12\/DanceFloor-2048x955.png 2048w, https:\/\/www.cost.eu\/uploads\/2025\/12\/DanceFloor-1200x560.png 1200w\"\n                                alt=\"TRACTS sisterhood book image&#039;\"\n                                loading=\"lazy\"\n                            >\n                                            <\/div>\n\n                    <div class=\"\n                        relative container\n                        text-white text-shadow\n                        \n                        \n                        \">\n                        <div class=\"text-4xl leading-normal md:text-6xl min-h-64\">\n                            <div class=\"font-bold\" data-aos=\"fade-right\">Bringing traces to life<\/div>\n                            <div class=\"text-3xl md:text-6xl\" data-aos=\"fade-up\"><\/div>\n                        <\/div>\n                        <div class=\"text-xl md:text-2xl uppercase mb-4\" data-aos=\"fade\"> &nbsp;<\/div>\n                    <\/div>\n                <\/div>\n            <\/div>\n            <\/div>\n<\/section>\n\n\n\n<p>The task of the WG \u2018<strong>Dissemination and Communication<\/strong>\u2019, led by architect and filmmaker Bahanur Nasya, was to make such complex ideas accessible to the public.<\/p>\n\n\n\n<p><em>\u201cWe worked with artistic, inspiring and inviting approaches through films, digital technologies and creative practices,\u201d<\/em> she said. <em>\u201cBy building on the existing skills of our network, we were able to engage wider audiences in a very direct and inspiring way,\u201d<\/em> she said.<\/p>\n\n\n\n<p>Dr Magdalena Zych, the Science Communication Coordinator, emphasised the same point. <em>\u201cTransferring knowledge into society is one of the most important goals for the future,\u201d<\/em> she explained. <em>\u201cI believe this is one of TRACTS&#8217;s key lessons: through international collaboration, we can rethink how museums and cultural institutions work with traces of the past to better serve society today.\u201d<\/em><\/p>\n\n\n<div id=\"gutenslider-0kd8s0s09\" class=\"wp-block-eedee-block-gutenslider gs-frontend content-change alignnone arrow-style-1 arrow-position-sides arrow-mb-none arrows-lg arrows-md arrows-sm dot-style-1 dots-lg dots-md dots-sm dot-position-bottom is-position-center-center mb-none wrap-auto-height\" data-parallax-direction=\"down\" data-parallax-amount=\"1.3\" data-lg-transition=\"lg-slide\" data-hash=\"\" ><div class=\"eedee-swiper-outer\" style=\"--gutenslider-min-height: 50vh;--gutenslider-arrow-size: 30px;--gutenslider-dot-size: 25px;--gutenslider-arrow-color: #ffffff;--gutenslider-dot-color: #ffffff;--gutenslider-padding-y-mobile: 40px;--gutenslider-padding-x-mobile: 40px;--gutenslider-padding-y-tablet: 40px;--gutenslider-padding-x-tablet: 40px;--gutenslider-padding-y-desktop: 40px;--gutenslider-padding-x-desktop: 40px;--gutenslider-bg-image: url();--gutenslider-min-height-md: 50vh;--gutenslider-min-height-sm: 50vh;--gutenslider-padding-x: 40px;--gutenslider-padding-x-md: 40px;--gutenslider-padding-x-sm: 20px;--gutenslider-padding-y: 40px;--gutenslider-padding-y-md: 40px;--gutenslider-padding-y-sm: 20px;--gutenslider-arrow-size-md: 30px;--gutenslider-arrow-size-sm: 30px;--gutenslider-dot-size-md: 25px;--gutenslider-dot-size-sm: 25px;--gutenslider-arrow-bg-color: transparent;--gutenslider-arrow-hover-color: #eeeeee;--gutenslider-arrow-bg-hover-color: transparent;--gutenslider-arrow-x-offset: 10px;--gutenslider-arrow-x-offset-md: 10px;--gutenslider-arrow-x-offset-sm: 10px;--gutenslider-arrow-y-offset: 0px;--gutenslider-arrow-y-offset-md: 0px;--gutenslider-arrow-y-offset-sm: 0px;--gutenslider-arrow-x-spacing: 0px;--gutenslider-dot-y-offset: 10px;--gutenslider-dot-y-offset-md: 10px;--gutenslider-dot-y-offset-sm: 10px;--gutenslider-margin-x: 0px;--gutenslider-margin-x-md: 0px;--gutenslider-margin-x-sm: 0px;--gutenslider-margin-y: 0px;--gutenslider-margin-y-md: 0px;--gutenslider-margin-y-sm: 0px;--gutenslider-divider-top: 60px;--gutenslider-divider-bottom: 60px;--gutenslider-lightgallery-bg: #ffffff;--gutenslider-lightgallery-font: #000000;--gs-first-pos: 50% 50%;--gs-gap-vertical: var( --wp--style--gallery-gap-default, var( --gallery-block--gutter-size, var( --wp--style--block-gap, 0.5em ) ) );--gs-gap-horizontal: var( --wp--style--gallery-gap-default, var( --gallery-block--gutter-size, var( --wp--style--block-gap, 0.5em ) ) );\"><div class=\"gutenslider-divider-top\" style=\"color:#fff;\"><\/div><div class=\"swiper\" data-settings='{\"autoplay\":{\"delay\":3000,\"pauseOnMouseEnter\":true,\"disableOnInteraction\":false},\"speed\":700,\"direction\":\"horizontal\",\"autoHeight\":\"\",\"loop\":true,\"centeredSlides\":true,\"spaceBetween\":0,\"slidesPerView\":1,\"slidesPerGroup\":1,\"effect\":\"slide\",\"coverflowEffect\":{\"rotate\":30,\"slideShadows\":false,\"depth\":100,\"stretch\":50,\"modifier\":1},\"fadeEffect\":{\"crossFade\":true},\"zoom\":\"\",\"navigation\":{\"nextEl\":\"#gutenslider-0kd8s0s09 .eedee-gutenslider-next\",\"prevEl\":\"#gutenslider-0kd8s0s09 .eedee-gutenslider-prev\"},\"pagination\":{\"type\":\"bullets\",\"clickable\":true,\"dynamicBullets\":false,\"el\":\"#gutenslider-0kd8s0s09 .eedee-gutenslider-pagination\"},\"pauseOnHover\":\"1\",\"watchSlidesProgress\":true,\"watchSlidesVisibility\":true,\"settingsMd\":{\"autoHeight\":\"\",\"slidesPerView\":1,\"slidesPerGroup\":1,\"spaceBetween\":0,\"loop\":true},\"settingsLg\":{\"autoHeight\":\"\",\"slidesPerView\":1,\"slidesPerGroup\":1,\"spaceBetween\":0,\"loop\":true},\"hasLg\":false,\"hasLgCounter\":true,\"isFullScreen\":false,\"arrowsFollowMouse\":false,\"lgTitle\":\"none\",\"lgCaption\":\"none\",\"lgThumbnails\":true,\"lgZoomEnabled\":false,\"keyboard\":{\"keyboard\":{\"enabled\":true,\"onlyInViewport\":true}},\"hashNavigation\":false,\"dividers\":false}'><div class=\"swiper-wrapper\">\n<div class=\"swiper-slide wp-block-eedee-block-gutenslide is-position-center-center ed-bg-image\" style=\"--ed-vw:225;--ed-vh:300;\" data-hash=\"\"><div class=\"eedee-background-div bg-image\"><img width=\"768\" height=\"1024\" class=\"wp-image-188528\" src=\"https:\/\/www.cost.eu\/uploads\/2025\/12\/IMG-20250905-WA0189-768x1024.jpg\" alt=\"\" decoding=\"async\" style=\"object-fit: cover; object-position: 50% 50%;\"  data-title=\"IMG-20250905-WA0189\" srcset=\"https:\/\/www.cost.eu\/uploads\/2025\/12\/IMG-20250905-WA0189-768x1024.jpg 768w, https:\/\/www.cost.eu\/uploads\/2025\/12\/IMG-20250905-WA0189-225x300.jpg 225w, https:\/\/www.cost.eu\/uploads\/2025\/12\/IMG-20250905-WA0189-50x67.jpg 50w, https:\/\/www.cost.eu\/uploads\/2025\/12\/IMG-20250905-WA0189-1600x2133.jpg 1600w, https:\/\/www.cost.eu\/uploads\/2025\/12\/IMG-20250905-WA0189-1152x1536.jpg 1152w, https:\/\/www.cost.eu\/uploads\/2025\/12\/IMG-20250905-WA0189-1536x2048.jpg 1536w, https:\/\/www.cost.eu\/uploads\/2025\/12\/IMG-20250905-WA0189-1200x1600.jpg 1200w\" sizes=\"(max-width: 768px) 100vw, 768px\" \/><div class=\"eedee-background-div__overlay\" style=\"opacity:1;\"><\/div><\/div><div class=\"slide-content\">\n\n<p class=\"has-text-align-center gutenslider-content-initial has-larger-font-size\"><\/p>\n\n<\/div><\/div>\n\n<div class=\"swiper-slide wp-block-eedee-block-gutenslide is-position-center-center ed-bg-image\" style=\"--ed-vw:300;--ed-vh:225;\" data-hash=\"\"><div class=\"eedee-background-div bg-image\"><img width=\"1024\" height=\"768\" class=\"wp-image-188529\" src=\"https:\/\/www.cost.eu\/uploads\/2025\/12\/IMG-20250905-WA0153-1-1024x768.jpg\" alt=\"\" decoding=\"async\" style=\"object-fit: cover; object-position: 50% 50%;\"  data-title=\"IMG-20250905-WA0153\" srcset=\"https:\/\/www.cost.eu\/uploads\/2025\/12\/IMG-20250905-WA0153-1-1024x768.jpg 1024w, https:\/\/www.cost.eu\/uploads\/2025\/12\/IMG-20250905-WA0153-1-300x225.jpg 300w, https:\/\/www.cost.eu\/uploads\/2025\/12\/IMG-20250905-WA0153-1-768x576.jpg 768w, https:\/\/www.cost.eu\/uploads\/2025\/12\/IMG-20250905-WA0153-1-50x38.jpg 50w, https:\/\/www.cost.eu\/uploads\/2025\/12\/IMG-20250905-WA0153-1-1536x1152.jpg 1536w, https:\/\/www.cost.eu\/uploads\/2025\/12\/IMG-20250905-WA0153-1-1200x900.jpg 1200w, https:\/\/www.cost.eu\/uploads\/2025\/12\/IMG-20250905-WA0153-1.jpg 1600w\" sizes=\"(max-width: 1024px) 100vw, 1024px\" \/><div class=\"eedee-background-div__overlay\" style=\"opacity:1;\"><\/div><\/div><div class=\"slide-content\">\n\n<p class=\"has-text-align-center gutenslider-content-initial has-larger-font-size\"><\/p>\n\n<\/div><\/div>\n\n<div class=\"swiper-slide wp-block-eedee-block-gutenslide is-position-center-center ed-bg-image\" style=\"--ed-vw:225;--ed-vh:300;\" data-hash=\"\"><div class=\"eedee-background-div bg-image\"><img loading=\"lazy\" width=\"768\" height=\"1024\" class=\"wp-image-188525\" src=\"https:\/\/www.cost.eu\/uploads\/2025\/12\/IMG-20250905-WA0184-768x1024.jpg\" alt=\"\" decoding=\"async\" style=\"object-fit: cover; object-position: 50% 50%;\"  data-title=\"IMG-20250905-WA0184\" srcset=\"https:\/\/www.cost.eu\/uploads\/2025\/12\/IMG-20250905-WA0184-768x1024.jpg 768w, https:\/\/www.cost.eu\/uploads\/2025\/12\/IMG-20250905-WA0184-225x300.jpg 225w, https:\/\/www.cost.eu\/uploads\/2025\/12\/IMG-20250905-WA0184-50x67.jpg 50w, https:\/\/www.cost.eu\/uploads\/2025\/12\/IMG-20250905-WA0184-1600x2133.jpg 1600w, https:\/\/www.cost.eu\/uploads\/2025\/12\/IMG-20250905-WA0184-1152x1536.jpg 1152w, https:\/\/www.cost.eu\/uploads\/2025\/12\/IMG-20250905-WA0184-1536x2048.jpg 1536w, https:\/\/www.cost.eu\/uploads\/2025\/12\/IMG-20250905-WA0184-1200x1600.jpg 1200w\" sizes=\"(max-width: 768px) 100vw, 768px\" \/><div class=\"eedee-background-div__overlay\" style=\"opacity:1;\"><\/div><\/div><div class=\"slide-content\">\n\n<p class=\"has-text-align-center gutenslider-content-initial has-larger-font-size\"><\/p>\n\n<\/div><\/div>\n<\/div><\/div><button class=\"eedee-gutenslider-nav eedee-gutenslider-prev\"><svg xmlns=\"http:\/\/www.w3.org\/2000\/svg\" viewBox=\"0 0 24 24\" width=\"24\" height=\"24\"><circle class=\"bg\" cx=\"13\" cy=\"12\" r=\"11\" \/><path fill=\"none\" d=\"M0 0h24v24H0z\"\/><path class=\"arrow\" d=\"M10.828 12l4.95 4.95-1.414 1.414L8 12l6.364-6.364 1.414 1.414z\"\/><\/svg><\/button><button class=\"eedee-gutenslider-nav eedee-gutenslider-next\"><svg xmlns=\"http:\/\/www.w3.org\/2000\/svg\" viewBox=\"0 0 24 24\" width=\"24\" height=\"24\"><circle class=\"bg\" cx=\"11\" cy=\"12\" r=\"11\" \/><path fill=\"none\" d=\"M0 0h24v24H0z\"\/><path class=\"arrow\" d=\"M13.172 12l-4.95-4.95 1.414-1.414L16 12l-6.364 6.364-1.414-1.414z\"\/><\/svg><\/button><div class=\"eedee-gutenslider-pagination\"><\/div><div class=\"gutenslider-divider-bottom \" style=\"color:#fff;\"><\/div><\/div><\/div>\n\n\n<p class=\"has-text-align-center has-small-font-size\"><strong>Performance \u201cFlowing Sisterhood Currents\u201d<\/strong> Mo Tomaszewska &amp; Eliza Proszczuk<\/p>\n\n\n\n<p>This WG\u2019s most significant achievement was the forthcoming (Counter) <a href=\"https:\/\/tractsnetwork.online\">Atlas of Trace<\/a>: an interactive digital platform that maps the project&#8217;s activities, individuals, and concepts.<\/p>\n\n\n\n<p>Other Action&#8217;s key outcomes:<\/p>\n\n\n\n<div class=\"wp-block-columns is-layout-flex wp-container-core-columns-is-layout-9d6595d7 wp-block-columns-is-layout-flex\">\n<div class=\"wp-block-column is-layout-flow wp-block-column-is-layout-flow\" style=\"flex-basis:66.66%\">\n<ul class=\"wp-block-list\">\n<li><a href=\"https:\/\/uclpress.co.uk\/book\/unearthing-collections\">Unearthing Collections<\/a> (UCL Press, 2025): a book that challenges the way archives and museums approach controversial materials.<\/li>\n\n\n\n<li><a href=\"https:\/\/tractsnetwork.online\/news\/archive\/practicing-collection-ethics-toolkit\/\">Practising Collection Ethics Toolkit<\/a>: a hands-on guide for heritage professionals navigating complex ethical questions. Ten real-world case studies from museums and research projects across Europe illustrate how curators, conservators and researchers have addressed these challenges in their work.<\/li>\n\n\n\n<li><a href=\"https:\/\/tractsnetwork.online\/spectropia-experiments-in-trace-a-new-book-series-from-tracts\/\">Spectropia book series<\/a> (forthcoming with De Gruyter): this series will showcase new research methods in the growing field of trace studies.<\/li>\n\n\n\n<li>14 <a href=\"https:\/\/tractsnetwork.online\/outputs-media\/\">webinars<\/a> exploring trace research across Europe.<\/li>\n<\/ul>\n<\/div>\n\n\n\n<div class=\"wp-block-column is-layout-flow wp-block-column-is-layout-flow\" style=\"flex-basis:33.33%\">\n<figure class=\"wp-block-image size-full\"><a href=\"https:\/\/uclpress.co.uk\/book\/unearthing-collections\"><img loading=\"lazy\" decoding=\"async\" width=\"665\" height=\"1006\" src=\"https:\/\/www.cost.eu\/uploads\/2025\/12\/Book-Unearthing-collections.png\" alt=\"\" class=\"wp-image-188475\" srcset=\"https:\/\/www.cost.eu\/uploads\/2025\/12\/Book-Unearthing-collections.png 665w, https:\/\/www.cost.eu\/uploads\/2025\/12\/Book-Unearthing-collections-198x300.png 198w, https:\/\/www.cost.eu\/uploads\/2025\/12\/Book-Unearthing-collections-50x76.png 50w\" sizes=\"(max-width: 665px) 100vw, 665px\" \/><\/a><\/figure>\n<\/div>\n<\/div>\n\n\n\n<p><em>\u201cThese outputs show that interdisciplinary research can create practical tools and fresh insights,\u201d <\/em>said the Action Chair Magdalena Buchczyk.<\/p>\n\n\n<section class=\"wp-blocks-block wp-block-story-banner  alignfull\">\n    <div>\n                    <div\n                            >\n                <div class=\"relative pt-32 pb-32 md:pt-48\">\n                    <div\n                        class=\"absolute inset-0 bg-green-100\"\n                    >\n                                                    <img decoding=\"async\"\n                                class=\"absolute inset-0 !w-full !h-full object-cover\"\n                                src=\"https:\/\/www.cost.eu\/uploads\/2025\/12\/Training-school-crop-1.png\"\n                                srcset=\"https:\/\/www.cost.eu\/uploads\/2025\/12\/Training-school-crop-1-300x140.png 300w, https:\/\/www.cost.eu\/uploads\/2025\/12\/Training-school-crop-1-1024x478.png 1024w, https:\/\/www.cost.eu\/uploads\/2025\/12\/Training-school-crop-1-768x359.png 768w, https:\/\/www.cost.eu\/uploads\/2025\/12\/Training-school-crop-1-50x23.png 50w, https:\/\/www.cost.eu\/uploads\/2025\/12\/Training-school-crop-1.png 1128w\"\n                                alt=\"TRACTS Action\"\n                                loading=\"lazy\"\n                            >\n                                            <\/div>\n\n                    <div class=\"\n                        relative container\n                        text-white text-shadow\n                        \n                        \n                        \">\n                        <div class=\"text-4xl leading-normal md:text-6xl min-h-64\">\n                            <div class=\"font-bold\" data-aos=\"fade-right\">When science meets ethics and technology<\/div>\n                            <div class=\"text-3xl md:text-6xl\" data-aos=\"fade-up\"><\/div>\n                        <\/div>\n                        <div class=\"text-xl md:text-2xl uppercase mb-4\" data-aos=\"fade\"> &nbsp;<\/div>\n                    <\/div>\n                <\/div>\n            <\/div>\n            <\/div>\n<\/section>\n\n\n\n<p>From forensic archaeology to digital mapping and from film essays to exhibitions, TRACTS has blurred the boundaries between science, art and the humanities. Its training schools encourage hands-on experimentation.<\/p>\n\n\n\n<p>For example, at the training school <a href=\"https:\/\/youtu.be\/MjoRTHBnRgg\">Unearthing Traces of European Conflicts<\/a> in Santiago de Compostela (Spain), archaeologists, anthropologists, forensic scientists, and memory studies scholars collaborated to examine material evidence of conflicts and their current impact using 3D scanning and forensic tools.<\/p>\n\n\n\n<p><\/p>\n\n\n\n<figure class=\"wp-block-embed is-type-video is-provider-youtube wp-block-embed-youtube wp-embed-aspect-16-9 wp-has-aspect-ratio\"><div class=\"wp-block-embed__wrapper\">\n<div class=\"cookieconsent-optin-marketing\"><div class=\"cookieconsent-optin-marketing\"><iframe class=\"no-lazy no-lazy\" data-cookieconsent=\"marketing\" title=\"Training School: Unearthing Traces of European Conflicts: Materiality, Memory, &amp; Technology\" width=\"500\" height=\"281\" data-src=\"https:\/\/www.youtube.com\/embed\/MjoRTHBnRgg?feature=oembed\" frameborder=\"0\" allow=\"accelerometer; autoplay; clipboard-write; encrypted-media; gyroscope; picture-in-picture; web-share\" referrerpolicy=\"strict-origin-when-cross-origin\" allowfullscreen><\/iframe><\/div>\n            <div class=\"cookieconsent-optout-marketing youtube-placeholder\" style=\"position:relative;text-align:center;padding:40px;background:#f3f4f6;border:1px solid #ddd;border-radius:8px;\">\n                <p style=\"font-size:16px;color:#333;margin:0;\">\n                    This section is blocked until you accept <strong>marketing cookies<\/strong>.\n                <\/p>\n                \n            <\/div>\n        <\/div>\n            <div class=\"cookieconsent-optout-marketing youtube-placeholder\" style=\"position:relative;text-align:center;padding:40px;background:#f3f4f6;border:1px solid #ddd;border-radius:8px;\">\n                <p style=\"font-size:16px;color:#333;margin:0;\">\n                    This section is blocked until you accept <strong>marketing cookies<\/strong>.\n                <\/p>\n               \n            <\/div>\n        \n<\/div><\/figure>\n\n\n\n<p>Another training school, <a href=\"https:\/\/tractsnetwork.online\/cfp-audiovisual-remix-the-film-essay-as-experiment-in-trace\/\">Audiovisual Remix: The film essay as experiment in trace<\/a> in Porto (Portugal) for filmmakers and anthropologists, explored how images can themselves be traces of memory and emotion. During the Porto training school, a nationwide power cut forced everyone offline. Without their screens, the participants took to the streets to observe the city directly. The blackout became a lesson in what it means to see and experience traces beyond digital tools.<\/p>\n\n\n\n<p><em>\u201cWhat made these schools unique was how they combined theory and practice,\u201d<\/em> says Magdalena Buchczyk. <em>\u201cThey encouraged young researchers to move beyond disciplinary boundaries, blending scientific analysis, artistic practice, and curatorial work.\u201d<\/em><\/p>\n\n\n<section class=\"wp-blocks-block wp-block-story-banner  alignfull\">\n    <div>\n                    <div\n                            >\n                <div class=\"relative pt-32 pb-32 md:pt-48\">\n                    <div\n                        class=\"absolute inset-0 bg-green-100\"\n                    >\n                                                    <img decoding=\"async\"\n                                class=\"absolute inset-0 !w-full !h-full object-cover\"\n                                src=\"https:\/\/www.cost.eu\/uploads\/2025\/12\/Agnieszka-Brzezanska-Radiating-Glory-acrylic-2002.png\"\n                                srcset=\"https:\/\/www.cost.eu\/uploads\/2025\/12\/Agnieszka-Brzezanska-Radiating-Glory-acrylic-2002-300x151.png 300w, https:\/\/www.cost.eu\/uploads\/2025\/12\/Agnieszka-Brzezanska-Radiating-Glory-acrylic-2002-1024x515.png 1024w, https:\/\/www.cost.eu\/uploads\/2025\/12\/Agnieszka-Brzezanska-Radiating-Glory-acrylic-2002-768x386.png 768w, https:\/\/www.cost.eu\/uploads\/2025\/12\/Agnieszka-Brzezanska-Radiating-Glory-acrylic-2002-50x25.png 50w, https:\/\/www.cost.eu\/uploads\/2025\/12\/Agnieszka-Brzezanska-Radiating-Glory-acrylic-2002-1600x805.png 1600w, https:\/\/www.cost.eu\/uploads\/2025\/12\/Agnieszka-Brzezanska-Radiating-Glory-acrylic-2002-1536x772.png 1536w, https:\/\/www.cost.eu\/uploads\/2025\/12\/Agnieszka-Brzezanska-Radiating-Glory-acrylic-2002-2048x1030.png 2048w, https:\/\/www.cost.eu\/uploads\/2025\/12\/Agnieszka-Brzezanska-Radiating-Glory-acrylic-2002-1200x604.png 1200w\"\n                                alt=\"TRACTS\"\n                                loading=\"lazy\"\n                            >\n                                            <\/div>\n\n                    <div class=\"\n                        relative container\n                        text-white text-shadow\n                        \n                        \n                        \">\n                        <div class=\"text-4xl leading-normal md:text-6xl min-h-64\">\n                            <div class=\"font-bold\" data-aos=\"fade-right\">The power of art<\/div>\n                            <div class=\"text-3xl md:text-6xl\" data-aos=\"fade-up\">Collaboration beyond academia<\/div>\n                        <\/div>\n                        <div class=\"text-xl md:text-2xl uppercase mb-4\" data-aos=\"fade\"> &nbsp;<\/div>\n                    <\/div>\n                <\/div>\n            <\/div>\n            <\/div>\n<\/section>\n\n\n\n<p>Some of TRACTS\u2019 most visible successes have emerged from collaborations outside of academia.<br>One striking example is \u2018Traces of Sisterhood\u2019, a project by Polish artist Eliza Proszczuk and curator Ewa Chomicka. Their project produced a beautifully designed book, <a href=\"https:\/\/tractsnetwork.online\/wp-content\/uploads\/2022\/11\/TRACES-OF-SISTERHOOD.pdf\">\u2018Traces of Sisterhood\u2019<\/a>, public <a href=\"https:\/\/tractsnetwork.online\/news\/archive\/traces-of-sisterhood-exhibition\/\">exhibitions<\/a>, and partnerships with feminist organisations, including the <a href=\"https:\/\/mestozensk.org\/en\/festival\/2024\/festival\">City of Women Festival<\/a> in Ljubljana.<\/p>\n\n\n\n<p>For Ewa Chomicka, who will soon be representing Poland at the <a href=\"https:\/\/www.labiennale.org\/en\/art\/2026\">2026 Venice Art Biennale<\/a>, the experience demonstrated how art and research can converge to empower communities.<\/p>\n\n\n\n<p>For Eliza, the Action enriched her creations. <em>\u201cMy art became deeper, more thoughtful, and more connected. I think I touch people on a different level now,\u201d<\/em> she said.<\/p>\n\n\n\n<p><em>\u201cWe asked people to embroider their thoughts of solidarity onto a shared tablecloth. It became a piece full of emotion and empathy,\u201d<\/em> recalled Eliza. The tablecloth has since become part of a prestigious <a href=\"https:\/\/contemporaryand.com\/en\/opportunities\/18th-international-triennial-of-textile\">international textile exhibition<\/a> in Poland.<\/p>\n\n\n\n<figure class=\"wp-block-gallery alignwide has-nested-images columns-3 is-cropped wp-block-gallery-1 is-layout-flex wp-block-gallery-is-layout-flex\">\n<figure class=\"wp-block-image size-full\"><img loading=\"lazy\" decoding=\"async\" width=\"706\" height=\"1055\" data-id=\"188507\" src=\"https:\/\/www.cost.eu\/uploads\/2025\/12\/Agata-Zbylut-Champagne-patriots-dress-2020\u201322.png\" alt=\"\" class=\"wp-image-188507\" srcset=\"https:\/\/www.cost.eu\/uploads\/2025\/12\/Agata-Zbylut-Champagne-patriots-dress-2020\u201322.png 706w, https:\/\/www.cost.eu\/uploads\/2025\/12\/Agata-Zbylut-Champagne-patriots-dress-2020\u201322-201x300.png 201w, https:\/\/www.cost.eu\/uploads\/2025\/12\/Agata-Zbylut-Champagne-patriots-dress-2020\u201322-685x1024.png 685w, https:\/\/www.cost.eu\/uploads\/2025\/12\/Agata-Zbylut-Champagne-patriots-dress-2020\u201322-50x75.png 50w\" sizes=\"(max-width: 706px) 100vw, 706px\" \/><figcaption class=\"wp-element-caption\">Agata Zbylut, Champagne patriots, dress, 2020\u201322.<\/figcaption><\/figure>\n\n\n\n<figure class=\"wp-block-image size-full\"><img loading=\"lazy\" decoding=\"async\" width=\"823\" height=\"1166\" data-id=\"188502\" src=\"https:\/\/www.cost.eu\/uploads\/2025\/12\/Sisterhood-cover.png\" alt=\"\" class=\"wp-image-188502\" srcset=\"https:\/\/www.cost.eu\/uploads\/2025\/12\/Sisterhood-cover.png 823w, https:\/\/www.cost.eu\/uploads\/2025\/12\/Sisterhood-cover-212x300.png 212w, https:\/\/www.cost.eu\/uploads\/2025\/12\/Sisterhood-cover-723x1024.png 723w, https:\/\/www.cost.eu\/uploads\/2025\/12\/Sisterhood-cover-768x1088.png 768w, https:\/\/www.cost.eu\/uploads\/2025\/12\/Sisterhood-cover-50x71.png 50w\" sizes=\"(max-width: 823px) 100vw, 823px\" \/><\/figure>\n\n\n\n<figure class=\"wp-block-image size-full\"><img loading=\"lazy\" decoding=\"async\" width=\"753\" height=\"560\" data-id=\"188494\" src=\"https:\/\/www.cost.eu\/uploads\/2025\/12\/Red-Dress-workshop-for-women-refugees-from-Ukraine-Traces-of-Sisterhood-exhibition-program-photo-by-Kirstie-Macleod.png\" alt=\"\" class=\"wp-image-188494\" srcset=\"https:\/\/www.cost.eu\/uploads\/2025\/12\/Red-Dress-workshop-for-women-refugees-from-Ukraine-Traces-of-Sisterhood-exhibition-program-photo-by-Kirstie-Macleod.png 753w, https:\/\/www.cost.eu\/uploads\/2025\/12\/Red-Dress-workshop-for-women-refugees-from-Ukraine-Traces-of-Sisterhood-exhibition-program-photo-by-Kirstie-Macleod-300x223.png 300w, https:\/\/www.cost.eu\/uploads\/2025\/12\/Red-Dress-workshop-for-women-refugees-from-Ukraine-Traces-of-Sisterhood-exhibition-program-photo-by-Kirstie-Macleod-50x37.png 50w\" sizes=\"(max-width: 753px) 100vw, 753px\" \/><figcaption class=\"wp-element-caption\">Red Dress, workshop for women refugees from Ukraine, photo by Kirstie Macleod<\/figcaption><\/figure>\n\n\n\n<figure class=\"wp-block-image size-full\"><img loading=\"lazy\" decoding=\"async\" width=\"839\" height=\"555\" data-id=\"188498\" src=\"https:\/\/www.cost.eu\/uploads\/2025\/12\/Performing-Gender-\u2013-Dancing-in-Your-Shoes.png\" alt=\"TRACTS\" class=\"wp-image-188498\" srcset=\"https:\/\/www.cost.eu\/uploads\/2025\/12\/Performing-Gender-\u2013-Dancing-in-Your-Shoes.png 839w, https:\/\/www.cost.eu\/uploads\/2025\/12\/Performing-Gender-\u2013-Dancing-in-Your-Shoes-300x198.png 300w, https:\/\/www.cost.eu\/uploads\/2025\/12\/Performing-Gender-\u2013-Dancing-in-Your-Shoes-768x508.png 768w, https:\/\/www.cost.eu\/uploads\/2025\/12\/Performing-Gender-\u2013-Dancing-in-Your-Shoes-50x33.png 50w\" sizes=\"(max-width: 839px) 100vw, 839px\" \/><figcaption class=\"wp-element-caption\">Performing Gender \u2013 Dancing in Your Shoes Workshop<\/figcaption><\/figure>\n\n\n\n<figure class=\"wp-block-image size-full\"><img loading=\"lazy\" decoding=\"async\" width=\"852\" height=\"472\" data-id=\"188500\" src=\"https:\/\/www.cost.eu\/uploads\/2025\/12\/Anaberg-video-still.png\" alt=\"TRACTS\" class=\"wp-image-188500\" srcset=\"https:\/\/www.cost.eu\/uploads\/2025\/12\/Anaberg-video-still.png 852w, https:\/\/www.cost.eu\/uploads\/2025\/12\/Anaberg-video-still-300x166.png 300w, https:\/\/www.cost.eu\/uploads\/2025\/12\/Anaberg-video-still-768x425.png 768w, https:\/\/www.cost.eu\/uploads\/2025\/12\/Anaberg-video-still-50x28.png 50w\" sizes=\"(max-width: 852px) 100vw, 852px\" \/><figcaption class=\"wp-element-caption\">Anaberg, video still<\/figcaption><\/figure>\n\n\n\n<figure class=\"wp-block-image size-full\"><img loading=\"lazy\" decoding=\"async\" width=\"1128\" height=\"744\" data-id=\"188496\" src=\"https:\/\/www.cost.eu\/uploads\/2025\/12\/Sisterhood-tablecloth.png\" alt=\"\" class=\"wp-image-188496\" srcset=\"https:\/\/www.cost.eu\/uploads\/2025\/12\/Sisterhood-tablecloth.png 1128w, https:\/\/www.cost.eu\/uploads\/2025\/12\/Sisterhood-tablecloth-300x198.png 300w, https:\/\/www.cost.eu\/uploads\/2025\/12\/Sisterhood-tablecloth-1024x675.png 1024w, https:\/\/www.cost.eu\/uploads\/2025\/12\/Sisterhood-tablecloth-768x507.png 768w, https:\/\/www.cost.eu\/uploads\/2025\/12\/Sisterhood-tablecloth-50x33.png 50w\" sizes=\"(max-width: 1128px) 100vw, 1128px\" \/><figcaption class=\"wp-element-caption\">Traces of Sisterhood workshop<\/figcaption><\/figure>\n\n\n\n<figure class=\"wp-block-image size-full\"><img loading=\"lazy\" decoding=\"async\" width=\"840\" height=\"562\" data-id=\"188493\" src=\"https:\/\/www.cost.eu\/uploads\/2025\/12\/Natalya-Shymin-Transformation-bubble-wrap-filled-with-pieces-of-fabric-2017\u201318-1.png\" alt=\"\" class=\"wp-image-188493\" srcset=\"https:\/\/www.cost.eu\/uploads\/2025\/12\/Natalya-Shymin-Transformation-bubble-wrap-filled-with-pieces-of-fabric-2017\u201318-1.png 840w, https:\/\/www.cost.eu\/uploads\/2025\/12\/Natalya-Shymin-Transformation-bubble-wrap-filled-with-pieces-of-fabric-2017\u201318-1-300x201.png 300w, https:\/\/www.cost.eu\/uploads\/2025\/12\/Natalya-Shymin-Transformation-bubble-wrap-filled-with-pieces-of-fabric-2017\u201318-1-768x514.png 768w, https:\/\/www.cost.eu\/uploads\/2025\/12\/Natalya-Shymin-Transformation-bubble-wrap-filled-with-pieces-of-fabric-2017\u201318-1-50x33.png 50w\" sizes=\"(max-width: 840px) 100vw, 840px\" \/><figcaption class=\"wp-element-caption\">Natalya Shymin, Transformation, bubble wrap filled with pieces of fabric, 2017\u201318.<\/figcaption><\/figure>\n\n\n\n<figure class=\"wp-block-image size-full\"><img loading=\"lazy\" decoding=\"async\" width=\"2050\" height=\"1031\" data-id=\"188455\" src=\"https:\/\/www.cost.eu\/uploads\/2025\/12\/Agnieszka-Brzezanska-Radiating-Glory-acrylic-2002.png\" alt=\"TRACTS\" class=\"wp-image-188455\" srcset=\"https:\/\/www.cost.eu\/uploads\/2025\/12\/Agnieszka-Brzezanska-Radiating-Glory-acrylic-2002.png 2050w, https:\/\/www.cost.eu\/uploads\/2025\/12\/Agnieszka-Brzezanska-Radiating-Glory-acrylic-2002-300x151.png 300w, https:\/\/www.cost.eu\/uploads\/2025\/12\/Agnieszka-Brzezanska-Radiating-Glory-acrylic-2002-1024x515.png 1024w, https:\/\/www.cost.eu\/uploads\/2025\/12\/Agnieszka-Brzezanska-Radiating-Glory-acrylic-2002-768x386.png 768w, https:\/\/www.cost.eu\/uploads\/2025\/12\/Agnieszka-Brzezanska-Radiating-Glory-acrylic-2002-50x25.png 50w, https:\/\/www.cost.eu\/uploads\/2025\/12\/Agnieszka-Brzezanska-Radiating-Glory-acrylic-2002-1600x805.png 1600w, https:\/\/www.cost.eu\/uploads\/2025\/12\/Agnieszka-Brzezanska-Radiating-Glory-acrylic-2002-1536x772.png 1536w, https:\/\/www.cost.eu\/uploads\/2025\/12\/Agnieszka-Brzezanska-Radiating-Glory-acrylic-2002-2048x1030.png 2048w, https:\/\/www.cost.eu\/uploads\/2025\/12\/Agnieszka-Brzezanska-Radiating-Glory-acrylic-2002-1200x604.png 1200w\" sizes=\"(max-width: 2050px) 100vw, 2050px\" \/><figcaption class=\"wp-element-caption\">Agnieszka Brze\u017ca\u0144ska, Radiating Glory, acrylic, 2002<\/figcaption><\/figure>\n\n\n\n<figure class=\"wp-block-image size-full\"><img loading=\"lazy\" decoding=\"async\" width=\"1664\" height=\"1056\" data-id=\"188495\" src=\"https:\/\/www.cost.eu\/uploads\/2025\/12\/Tapestry-1.png\" alt=\"\" class=\"wp-image-188495\" srcset=\"https:\/\/www.cost.eu\/uploads\/2025\/12\/Tapestry-1.png 1664w, https:\/\/www.cost.eu\/uploads\/2025\/12\/Tapestry-1-300x190.png 300w, https:\/\/www.cost.eu\/uploads\/2025\/12\/Tapestry-1-1024x650.png 1024w, https:\/\/www.cost.eu\/uploads\/2025\/12\/Tapestry-1-768x487.png 768w, https:\/\/www.cost.eu\/uploads\/2025\/12\/Tapestry-1-50x32.png 50w, https:\/\/www.cost.eu\/uploads\/2025\/12\/Tapestry-1-1600x1015.png 1600w, https:\/\/www.cost.eu\/uploads\/2025\/12\/Tapestry-1-1536x975.png 1536w, https:\/\/www.cost.eu\/uploads\/2025\/12\/Tapestry-1-1200x762.png 1200w\" sizes=\"(max-width: 1664px) 100vw, 1664px\" \/><figcaption class=\"wp-element-caption\">Untitled, from the Double weft series, two-warp technique, <strong>Concept and design: Eliza Proszczuk, woven by Teresa Pryzmont<\/strong> <\/figcaption><\/figure>\n<\/figure>\n\n\n\n<p>Magdalena Buchczyk, the Action Chair, sees this as one of TRACTS\u2019 greatest strengths. <em>\u201cShared values of empathy, care, and mutual aid can inspire new forms of social and political organisation,\u201d <\/em>she said<em>. \u201cProjects like Traces of Sisterhood show how collective creativity can drive social change.\u201d<\/em><\/p>\n\n\n<section class=\"wp-blocks-block wp-block-story-banner  alignfull\">\n    <div>\n                    <div\n                            >\n                <div class=\"relative pt-32 pb-32 md:pt-48\">\n                    <div\n                        class=\"absolute inset-0 bg-green-100\"\n                    >\n                                                    <img decoding=\"async\"\n                                class=\"absolute inset-0 !w-full !h-full object-cover\"\n                                src=\"https:\/\/www.cost.eu\/uploads\/2025\/12\/Performing-Gender-\u2013-Dancing-in-Your-Shoes.png\"\n                                srcset=\"https:\/\/www.cost.eu\/uploads\/2025\/12\/Performing-Gender-\u2013-Dancing-in-Your-Shoes-300x198.png 300w, https:\/\/www.cost.eu\/uploads\/2025\/12\/Performing-Gender-\u2013-Dancing-in-Your-Shoes-768x508.png 768w, https:\/\/www.cost.eu\/uploads\/2025\/12\/Performing-Gender-\u2013-Dancing-in-Your-Shoes-50x33.png 50w, https:\/\/www.cost.eu\/uploads\/2025\/12\/Performing-Gender-\u2013-Dancing-in-Your-Shoes.png 839w\"\n                                alt=\"TRACTS sisterhood book image&#039;\"\n                                loading=\"lazy\"\n                            >\n                                            <\/div>\n\n                    <div class=\"\n                        relative container\n                        text-white text-shadow\n                        \n                        \n                        \">\n                        <div class=\"text-4xl leading-normal md:text-6xl min-h-64\">\n                            <div class=\"font-bold\" data-aos=\"fade-right\">A network that moves <\/div>\n                            <div class=\"text-3xl md:text-6xl\" data-aos=\"fade-up\"><\/div>\n                        <\/div>\n                        <div class=\"text-xl md:text-2xl uppercase mb-4\" data-aos=\"fade\"> &nbsp;<\/div>\n                    <\/div>\n                <\/div>\n            <\/div>\n            <\/div>\n<\/section>\n\n\n\n<p>At the heart of TRACTS was a commitment to supporting young researchers. Over fifty of them benefited from Short-Term Scientific Missions (STSMs) and Conference Grants, which funded travel, fieldwork and networking.<\/p>\n\n\n\n<p>One of the clearest examples of how TRACTS\u2019 STSMs helped to launch new careers is the story of Dr Miguel Errazu, the Action\u2019s Grant Awarding Coordinator. Miguel received a <a href=\"https:\/\/marie-sklodowska-curie-actions.ec.europa.eu\/actions\/postdoctoral-fellowships\">Marie Sk\u0142odowska-Curie Actions (MSCA) postdoctoral fellowship<\/a> after taking part in a Short-Term Scientific Mission (STSM) in Paris to research documentary films. Reflecting on his experience, he said:<em> \u201cThis STSM was instrumental for my project. I found much more material than I expected.\u201d<\/em><\/p>\n\n\n\n<p><em>\u201cIt is totally thanks to the COST Action that I got this grant\u201d, <\/em>added Miguel. Both the financial support of the Action and the network it created were crucial:<em> \u201cNetworking made me meet Lee Douglas, who is now co-leading this new project with me, even if we come from completely different fields \u2014 she is an anthropologist and I am an art historian.\u201d<\/em><\/p>\n\n\n\n<p>One of the most rewarding moments for Tina Palaic, who handled the STSMs, was mentoring a researcher who travelled to Togo to study the cotton industry. This work resulted in an <a href=\"https:\/\/www.etno-muzej.si\/sl\/cotton-production-in-togo-challenges-and-limitations-of-field-research\">exhibition at the Slovene Ethnographic Museum<\/a>, a public lecture, and a contribution to the TRACTS\u2019 Atlas.<\/p>\n\n\n\n<p>The short exchanges often grew into lasting collaborations, proving how powerful mobility grants can be for career development.<\/p>\n\n\n<div class=\"wp-block-image\">\n<figure class=\"aligncenter size-full\"><img loading=\"lazy\" decoding=\"async\" width=\"860\" height=\"577\" src=\"https:\/\/www.cost.eu\/uploads\/2025\/12\/White-Gold.-Stories-of-Cotton-exhibition-Slovene-Ethnographic-Museum-Blaz-Verbic-Tina-Palaic-2.png\" alt=\"\" class=\"wp-image-188593\" srcset=\"https:\/\/www.cost.eu\/uploads\/2025\/12\/White-Gold.-Stories-of-Cotton-exhibition-Slovene-Ethnographic-Museum-Blaz-Verbic-Tina-Palaic-2.png 860w, https:\/\/www.cost.eu\/uploads\/2025\/12\/White-Gold.-Stories-of-Cotton-exhibition-Slovene-Ethnographic-Museum-Blaz-Verbic-Tina-Palaic-2-300x201.png 300w, https:\/\/www.cost.eu\/uploads\/2025\/12\/White-Gold.-Stories-of-Cotton-exhibition-Slovene-Ethnographic-Museum-Blaz-Verbic-Tina-Palaic-2-768x515.png 768w, https:\/\/www.cost.eu\/uploads\/2025\/12\/White-Gold.-Stories-of-Cotton-exhibition-Slovene-Ethnographic-Museum-Blaz-Verbic-Tina-Palaic-2-50x34.png 50w\" sizes=\"(max-width: 860px) 100vw, 860px\" \/><figcaption class=\"wp-element-caption\">White Gold. Stories of Cotton exhibition, Slovene Ethnographic Museum<br>\u00a9Bla\u017e Verbi\u010d, \u00a9Tina Palai\u0107<\/figcaption><\/figure><\/div>\n\n\n<p><em>\u201cThe chance to conduct research abroad allowed Action participants to expand their professional networks by connecting with scholars who shared similar interests\u201d, <\/em>said Tina. <em>This kind of networking is essential for opening up new avenues for collaboration and knowledge exchange\u201d<\/em>.<\/p>\n\n\n<section class=\"wp-blocks-block wp-block-story-banner  alignfull\">\n    <div>\n                    <div\n                            >\n                <div class=\"relative pt-32 pb-32 md:pt-48\">\n                    <div\n                        class=\"absolute inset-0 bg-green-100\"\n                    >\n                                                    <img decoding=\"async\"\n                                class=\"absolute inset-0 !w-full !h-full object-cover\"\n                                src=\"https:\/\/www.cost.eu\/uploads\/2025\/12\/Anaberg-video-still.png\"\n                                srcset=\"https:\/\/www.cost.eu\/uploads\/2025\/12\/Anaberg-video-still-300x166.png 300w, https:\/\/www.cost.eu\/uploads\/2025\/12\/Anaberg-video-still-768x425.png 768w, https:\/\/www.cost.eu\/uploads\/2025\/12\/Anaberg-video-still-50x28.png 50w, https:\/\/www.cost.eu\/uploads\/2025\/12\/Anaberg-video-still.png 852w\"\n                                alt=\"TRACTS sisterhood book image&#039;\"\n                                loading=\"lazy\"\n                            >\n                                            <\/div>\n\n                    <div class=\"\n                        relative container\n                        text-white text-shadow\n                        \n                        \n                        \">\n                        <div class=\"text-4xl leading-normal md:text-6xl min-h-64\">\n                            <div class=\"font-bold\" data-aos=\"fade-right\">Towards new horizons<\/div>\n                            <div class=\"text-3xl md:text-6xl\" data-aos=\"fade-up\"><\/div>\n                        <\/div>\n                        <div class=\"text-xl md:text-2xl uppercase mb-4\" data-aos=\"fade\"> &nbsp;<\/div>\n                    <\/div>\n                <\/div>\n            <\/div>\n            <\/div>\n<\/section>\n\n\n\n<p>Although the Action has formally ended, the network is planning the next steps. A Trace Studies Manifesto is being drafted, and discussions are underway regarding the establishment of a dedicated Centre for Trace Studies, which could have its own journal and association.<\/p>\n\n\n\n<p>The TRACTS Atlas and digital resources will remain available. Many members are preparing follow-up projects under <a href=\"https:\/\/commission.europa.eu\/funding-tenders\/find-funding\/eu-funding-programmes\/horizon-europe_en\">Horizon Europe<\/a> to ensure that the network\u2019s ideas and collaborations continue.<\/p>\n\n\n<div class=\"wp-block-image\">\n<figure class=\"aligncenter size-large\"><img loading=\"lazy\" decoding=\"async\" width=\"1024\" height=\"626\" src=\"https:\/\/www.cost.eu\/uploads\/2025\/12\/Participants-of-the-workshops-in-the-courtyard-of-the-Academy-of-Fine-Arts-in-Warsaw-1-1024x626.png\" alt=\"\" class=\"wp-image-188522\" srcset=\"https:\/\/www.cost.eu\/uploads\/2025\/12\/Participants-of-the-workshops-in-the-courtyard-of-the-Academy-of-Fine-Arts-in-Warsaw-1-1024x626.png 1024w, https:\/\/www.cost.eu\/uploads\/2025\/12\/Participants-of-the-workshops-in-the-courtyard-of-the-Academy-of-Fine-Arts-in-Warsaw-1-300x184.png 300w, https:\/\/www.cost.eu\/uploads\/2025\/12\/Participants-of-the-workshops-in-the-courtyard-of-the-Academy-of-Fine-Arts-in-Warsaw-1-768x470.png 768w, https:\/\/www.cost.eu\/uploads\/2025\/12\/Participants-of-the-workshops-in-the-courtyard-of-the-Academy-of-Fine-Arts-in-Warsaw-1-50x31.png 50w, https:\/\/www.cost.eu\/uploads\/2025\/12\/Participants-of-the-workshops-in-the-courtyard-of-the-Academy-of-Fine-Arts-in-Warsaw-1-1600x979.png 1600w, https:\/\/www.cost.eu\/uploads\/2025\/12\/Participants-of-the-workshops-in-the-courtyard-of-the-Academy-of-Fine-Arts-in-Warsaw-1-1536x940.png 1536w, https:\/\/www.cost.eu\/uploads\/2025\/12\/Participants-of-the-workshops-in-the-courtyard-of-the-Academy-of-Fine-Arts-in-Warsaw-1-1200x734.png 1200w, https:\/\/www.cost.eu\/uploads\/2025\/12\/Participants-of-the-workshops-in-the-courtyard-of-the-Academy-of-Fine-Arts-in-Warsaw-1.png 1669w\" sizes=\"(max-width: 1024px) 100vw, 1024px\" \/><figcaption class=\"wp-element-caption\">Participants of the workshop in the courtyard of the Academy of Fine Arts in Warsaw.<\/figcaption><\/figure><\/div>\n\n\n<p>According to Magdalena Buchczyk, <em>\u201cWe live in a time of \u2018polycrisis\u2019: climate change, threats to democracy, questions of justice, and these are exactly the areas where the humanities and social sciences can help us.\u201d<\/em><\/p>\n\n\n<div\n    class=\"wp-blocks-block wp-block-slider\"\n        style=\"opacity: 0\"\n    >\n    \n<div\n    class=\"relative h-full lg:pt-12 wp-blocks-block wp-block-slider-slide  alignfull\"\n>\n    <div\n        class=\"\n            relative text-white\n            \n            \n            \n            bg-pink-400\n            \n        \"\n    >\n        <div class=\"relative z-10 container flex py-12 h-full\">\n            <div class=\"flex-1 pr-2 flex flex-col justify-center min-h-64 lg:min-h-128 h-full\">\n                <div class=\"md:w-1\/2\">\n                    <div class=\"inner-blocks break-words\"\n                                                    data-aos=\"fade-up\" data-aos-duration=\"500\"\n                                            >\n                        \n\n<p class=\"has-large-font-size\">Voices of TRACTS<\/p>\n\n\n\n<p><\/p>\n\n\n                    <\/div>\n                <\/div>\n            <\/div>\n            <div class=\"next-arrow flex items-center cursor-pointer\">\n                <span class=\"text-4xl text-white\">\n                    <svg xmlns=\"http:\/\/www.w3.org\/2000\/svg\" viewBox=\"0 0 448 512\" class=\"svg-inline--fa  fal fa-arrow-right\" role=\"img\" aria-hidden=\"true\" style=\"color:currentColor\"><!--! Font Awesome Pro 6.5.2 by @fontawesome - https:\/\/fontawesome.com License - https:\/\/fontawesome.com\/license (Commercial License) Copyright 2024 Fonticons, Inc. --><path d=\"M443.3 267.3c6.2-6.2 6.2-16.4 0-22.6l-176-176c-6.2-6.2-16.4-6.2-22.6 0s-6.2 16.4 0 22.6L393.4 240 16 240c-8.8 0-16 7.2-16 16s7.2 16 16 16l377.4 0L244.7 420.7c-6.2 6.2-6.2 16.4 0 22.6s16.4 6.2 22.6 0l176-176z\" fill=\"currentColor\"><\/path><\/svg>\n\n                <\/span>\n            <\/div>\n        <\/div>\n    <\/div>\n\n    <div class=\"hidden lg:!block absolute z-1 left-0 top-0 bottom-0 lg:w-7\/12\">\n        <svg class=\"w-full h-full object-cover\n    \n    \n    \n    text-pink-500\n    \n    \" xmlns=\"http:\/\/www.w3.org\/2000\/svg\" viewBox=\"0 0 844 709\" preserveAspectRatio=\"none\"\n>\n   <g transform=\"matrix(1,0,0,1,17.937,42.251)\">\n        <path d=\"M-17.937,666.469L705.406,666.469L825.643,-42.251L-17.937,40.525L-17.937,666.469Z\" class=\"fill-current\" style=\"fill-opacity:0.85;fill-rule:nonzero;\"\/>\n    <\/g>\n<\/svg>    <\/div>\n<\/div>\n\n\n<div\n    class=\"h-full lg:pt-12 wp-blocks-block wp-block-slider-slide-center  alignfull\"\n>\n    <div\n        class=\"h-full w-full text-white\n            \n            \n            \n            bg-pink-600\n            \n        \">\n        <div class=\"container py-12 h-full\">\n            <div class=\"relative h-full\">\n                <div class=\"alignsmall pr-12 h-full\">\n                    <div class=\"h-full text-white flex flex-col justify-center min-h-64 lg:min-h-128\">\n                        <div class=\"inner-blocks break-words\"\n                                                            data-aos=\"fade-down\" data-aos-duration=\"500\"\n                                                    >\n                            \n\n<p class=\"has-medium-font-size\"><em>\u201cThe world today is too complex to study issues in isolation. Collaboration across disciplines is necessary.\u201d<\/em><\/p>\n\n\n\n<p><strong>Dr&nbsp;Karolina&nbsp;Pauknerova, Univerzita Karlova, Czech Republic, Vice-Chair<\/strong><\/p>\n\n\n\n<p><\/p>\n\n\n                        <\/div>\n                    <\/div>\n                <\/div>\n\n                <div class=\"next-arrow absolute right-0 top-0 bottom-0 flex items-center cursor-pointer\">\n                    <span class=\"text-4xl text-white\">\n                        <svg xmlns=\"http:\/\/www.w3.org\/2000\/svg\" viewBox=\"0 0 448 512\" class=\"svg-inline--fa  fal fa-arrow-right\" role=\"img\" aria-hidden=\"true\" style=\"color:currentColor\"><!--! Font Awesome Pro 6.5.2 by @fontawesome - https:\/\/fontawesome.com License - https:\/\/fontawesome.com\/license (Commercial License) Copyright 2024 Fonticons, Inc. --><path d=\"M443.3 267.3c6.2-6.2 6.2-16.4 0-22.6l-176-176c-6.2-6.2-16.4-6.2-22.6 0s-6.2 16.4 0 22.6L393.4 240 16 240c-8.8 0-16 7.2-16 16s7.2 16 16 16l377.4 0L244.7 420.7c-6.2 6.2-6.2 16.4 0 22.6s16.4 6.2 22.6 0l176-176z\" fill=\"currentColor\"><\/path><\/svg>\n\n                    <\/span>\n                <\/div>\n            <\/div>\n        <\/div>\n    <\/div>\n<\/div>\n\n\n<div\n    class=\"h-full lg:pt-12 wp-blocks-block wp-block-slider-slide-center  alignfull\"\n>\n    <div\n        class=\"h-full w-full text-white\n            \n            \n            \n            bg-pink-600\n            \n        \">\n        <div class=\"container py-12 h-full\">\n            <div class=\"relative h-full\">\n                <div class=\"alignsmall pr-12 h-full\">\n                    <div class=\"h-full text-white flex flex-col justify-center min-h-64 lg:min-h-128\">\n                        <div class=\"inner-blocks break-words\"\n                                                            data-aos=\"fade-down\" data-aos-duration=\"500\"\n                                                    >\n                            \n\n<p class=\"has-medium-font-size\"><em>\u201cI\u2019ve built relationships with people I will continue to write with, think with, and propose projects with across countries, disciplines, and contexts.\u201d<\/em><\/p>\n\n\n\n<p><strong>Lee Douglas, Goldsmiths&#8217; College, WG Leader<\/strong><\/p>\n\n\n\n<p><\/p>\n\n\n                        <\/div>\n                    <\/div>\n                <\/div>\n\n                <div class=\"next-arrow absolute right-0 top-0 bottom-0 flex items-center cursor-pointer\">\n                    <span class=\"text-4xl text-white\">\n                        <svg xmlns=\"http:\/\/www.w3.org\/2000\/svg\" viewBox=\"0 0 448 512\" class=\"svg-inline--fa  fal fa-arrow-right\" role=\"img\" aria-hidden=\"true\" style=\"color:currentColor\"><!--! Font Awesome Pro 6.5.2 by @fontawesome - https:\/\/fontawesome.com License - https:\/\/fontawesome.com\/license (Commercial License) Copyright 2024 Fonticons, Inc. --><path d=\"M443.3 267.3c6.2-6.2 6.2-16.4 0-22.6l-176-176c-6.2-6.2-16.4-6.2-22.6 0s-6.2 16.4 0 22.6L393.4 240 16 240c-8.8 0-16 7.2-16 16s7.2 16 16 16l377.4 0L244.7 420.7c-6.2 6.2-6.2 16.4 0 22.6s16.4 6.2 22.6 0l176-176z\" fill=\"currentColor\"><\/path><\/svg>\n\n                    <\/span>\n                <\/div>\n            <\/div>\n        <\/div>\n    <\/div>\n<\/div>\n\n\n<div\n    class=\"h-full lg:pt-12 wp-blocks-block wp-block-slider-slide-center  alignfull\"\n>\n    <div\n        class=\"h-full w-full text-white\n            \n            \n            \n            bg-pink-600\n            \n        \">\n        <div class=\"container py-12 h-full\">\n            <div class=\"relative h-full\">\n                <div class=\"alignsmall pr-12 h-full\">\n                    <div class=\"h-full text-white flex flex-col justify-center min-h-64 lg:min-h-128\">\n                        <div class=\"inner-blocks break-words\"\n                                                            data-aos=\"fade-down\" data-aos-duration=\"500\"\n                                                    >\n                            \n\n<p class=\"has-medium-font-size\"><em>\u201cThis collaboration has changed how I see collections, audiences, and the role of museums. We need new forms of collaboration that make collections speak in new ways, free from political pressures.\u201d<\/em><\/p>\n\n\n\n<p><strong>Dr Magdalena Zych, Ethnographic Museum in Krak\u00f3w, Poland, Science Communication Coordinator<\/strong><\/p>\n\n\n                        <\/div>\n                    <\/div>\n                <\/div>\n\n                <div class=\"next-arrow absolute right-0 top-0 bottom-0 flex items-center cursor-pointer\">\n                    <span class=\"text-4xl text-white\">\n                        <svg xmlns=\"http:\/\/www.w3.org\/2000\/svg\" viewBox=\"0 0 448 512\" class=\"svg-inline--fa  fal fa-arrow-right\" role=\"img\" aria-hidden=\"true\" style=\"color:currentColor\"><!--! Font Awesome Pro 6.5.2 by @fontawesome - https:\/\/fontawesome.com License - https:\/\/fontawesome.com\/license (Commercial License) Copyright 2024 Fonticons, Inc. --><path d=\"M443.3 267.3c6.2-6.2 6.2-16.4 0-22.6l-176-176c-6.2-6.2-16.4-6.2-22.6 0s-6.2 16.4 0 22.6L393.4 240 16 240c-8.8 0-16 7.2-16 16s7.2 16 16 16l377.4 0L244.7 420.7c-6.2 6.2-6.2 16.4 0 22.6s16.4 6.2 22.6 0l176-176z\" fill=\"currentColor\"><\/path><\/svg>\n\n                    <\/span>\n                <\/div>\n            <\/div>\n        <\/div>\n    <\/div>\n<\/div>\n\n\n<div\n    class=\"h-full lg:pt-12 wp-blocks-block wp-block-slider-slide-center  alignfull\"\n>\n    <div\n        class=\"h-full w-full text-white\n            \n            \n            \n            bg-pink-600\n            \n        \">\n        <div class=\"container py-12 h-full\">\n            <div class=\"relative h-full\">\n                <div class=\"alignsmall pr-12 h-full\">\n                    <div class=\"h-full text-white flex flex-col justify-center min-h-64 lg:min-h-128\">\n                        <div class=\"inner-blocks break-words\"\n                                                            data-aos=\"fade-down\" data-aos-duration=\"500\"\n                                                    >\n                            \n\n<p class=\"has-medium-font-size\"><em>\u201cIt was powerful to realise we are not alone, that our concerns about the past and the future are shared globally.\u201d<\/em><\/p>\n\n\n\n<p><strong>Ms Bahanur Nasya, Wonderland &#8211; platform for European architecture, Austria, WG Leader<\/strong><em><\/em><\/p>\n\n\n                        <\/div>\n                    <\/div>\n                <\/div>\n\n                <div class=\"next-arrow absolute right-0 top-0 bottom-0 flex items-center cursor-pointer\">\n                    <span class=\"text-4xl text-white\">\n                        <svg xmlns=\"http:\/\/www.w3.org\/2000\/svg\" viewBox=\"0 0 448 512\" class=\"svg-inline--fa  fal fa-arrow-right\" role=\"img\" aria-hidden=\"true\" style=\"color:currentColor\"><!--! Font Awesome Pro 6.5.2 by @fontawesome - https:\/\/fontawesome.com License - https:\/\/fontawesome.com\/license (Commercial License) Copyright 2024 Fonticons, Inc. --><path d=\"M443.3 267.3c6.2-6.2 6.2-16.4 0-22.6l-176-176c-6.2-6.2-16.4-6.2-22.6 0s-6.2 16.4 0 22.6L393.4 240 16 240c-8.8 0-16 7.2-16 16s7.2 16 16 16l377.4 0L244.7 420.7c-6.2 6.2-6.2 16.4 0 22.6s16.4 6.2 22.6 0l176-176z\" fill=\"currentColor\"><\/path><\/svg>\n\n                    <\/span>\n                <\/div>\n            <\/div>\n        <\/div>\n    <\/div>\n<\/div>\n\n\n<div\n    class=\"h-full lg:pt-12 wp-blocks-block wp-block-slider-slide-center  alignfull\"\n>\n    <div\n        class=\"h-full w-full text-white\n            \n            \n            \n            bg-pink-600\n            \n        \">\n        <div class=\"container py-12 h-full\">\n            <div class=\"relative h-full\">\n                <div class=\"alignsmall pr-12 h-full\">\n                    <div class=\"h-full text-white flex flex-col justify-center min-h-64 lg:min-h-128\">\n                        <div class=\"inner-blocks break-words\"\n                                                            data-aos=\"fade-down\" data-aos-duration=\"500\"\n                                                    >\n                            \n\n<p class=\"has-medium-font-size\"><em>\u201cThe Action has opened many doors, helping me connect with colleagues for future projects and strengthening my international profile.\u201d<\/em><\/p>\n\n\n\n<p><strong>Dr Alberto Berzosa, Universidad Aut\u00f3noma de Madrid, WG co-Leader<\/strong><\/p>\n\n\n                        <\/div>\n                    <\/div>\n                <\/div>\n\n                <div class=\"next-arrow absolute right-0 top-0 bottom-0 flex items-center cursor-pointer\">\n                    <span class=\"text-4xl text-white\">\n                        <svg xmlns=\"http:\/\/www.w3.org\/2000\/svg\" viewBox=\"0 0 448 512\" class=\"svg-inline--fa  fal fa-arrow-right\" role=\"img\" aria-hidden=\"true\" style=\"color:currentColor\"><!--! Font Awesome Pro 6.5.2 by @fontawesome - https:\/\/fontawesome.com License - https:\/\/fontawesome.com\/license (Commercial License) Copyright 2024 Fonticons, Inc. --><path d=\"M443.3 267.3c6.2-6.2 6.2-16.4 0-22.6l-176-176c-6.2-6.2-16.4-6.2-22.6 0s-6.2 16.4 0 22.6L393.4 240 16 240c-8.8 0-16 7.2-16 16s7.2 16 16 16l377.4 0L244.7 420.7c-6.2 6.2-6.2 16.4 0 22.6s16.4 6.2 22.6 0l176-176z\" fill=\"currentColor\"><\/path><\/svg>\n\n                    <\/span>\n                <\/div>\n            <\/div>\n        <\/div>\n    <\/div>\n<\/div>\n\n\n<div\n    class=\"h-full lg:pt-12 wp-blocks-block wp-block-slider-slide-center  alignfull\"\n>\n    <div\n        class=\"h-full w-full text-white\n            \n            \n            \n            bg-pink-600\n            \n        \">\n        <div class=\"container py-12 h-full\">\n            <div class=\"relative h-full\">\n                <div class=\"alignsmall pr-12 h-full\">\n                    <div class=\"h-full text-white flex flex-col justify-center min-h-64 lg:min-h-128\">\n                        <div class=\"inner-blocks break-words\"\n                                                            data-aos=\"fade-down\" data-aos-duration=\"500\"\n                                                    >\n                            \n\n<p class=\"has-medium-font-size\"><em>\u201cI definitely want to continue developing the Sisterhood project. We plan to create a kind of dictionary of sisterhood. We already have texts and reflections from workshops, so now it\u2019s a question of shaping them into a final form, maybe a book.\u201d<\/em><\/p>\n\n\n\n<p><strong>Eliza Proszczuk, Academy of Fine Arts in Warsaw, MC Member<\/strong><\/p>\n\n\n                        <\/div>\n                    <\/div>\n                <\/div>\n\n                <div class=\"next-arrow absolute right-0 top-0 bottom-0 flex items-center cursor-pointer\">\n                    <span class=\"text-4xl text-white\">\n                        <svg xmlns=\"http:\/\/www.w3.org\/2000\/svg\" viewBox=\"0 0 448 512\" class=\"svg-inline--fa  fal fa-arrow-right\" role=\"img\" aria-hidden=\"true\" style=\"color:currentColor\"><!--! Font Awesome Pro 6.5.2 by @fontawesome - https:\/\/fontawesome.com License - https:\/\/fontawesome.com\/license (Commercial License) Copyright 2024 Fonticons, Inc. --><path d=\"M443.3 267.3c6.2-6.2 6.2-16.4 0-22.6l-176-176c-6.2-6.2-16.4-6.2-22.6 0s-6.2 16.4 0 22.6L393.4 240 16 240c-8.8 0-16 7.2-16 16s7.2 16 16 16l377.4 0L244.7 420.7c-6.2 6.2-6.2 16.4 0 22.6s16.4 6.2 22.6 0l176-176z\" fill=\"currentColor\"><\/path><\/svg>\n\n                    <\/span>\n                <\/div>\n            <\/div>\n        <\/div>\n    <\/div>\n<\/div>\n\n\n<div\n    class=\"h-full lg:pt-12 wp-blocks-block wp-block-slider-slide-center  alignfull\"\n>\n    <div\n        class=\"h-full w-full text-white\n            \n            \n            \n            bg-pink-600\n            \n        \">\n        <div class=\"container py-12 h-full\">\n            <div class=\"relative h-full\">\n                <div class=\"alignsmall pr-12 h-full\">\n                    <div class=\"h-full text-white flex flex-col justify-center min-h-64 lg:min-h-128\">\n                        <div class=\"inner-blocks break-words\"\n                                                            data-aos=\"fade-down\" data-aos-duration=\"500\"\n                                                    >\n                            \n\n<p class=\"has-medium-font-size\"><em>\u201cI always encourage colleagues to join COST Actions as they are very valuable for one\u2019s career: you meet people from other countries, learn new methods and techniques, and see different approaches to teaching and research. It opens your perspective and helps you grow as an academic. At my department, two of us are active members now, but I hope more will join in the future.\u201d<\/em><\/p>\n\n\n\n<p><strong>Dr Ivan \u0160ulc, University of Zagreb Faculty of Science, WG co-Leader<\/strong><\/p>\n\n\n\n<p><\/p>\n\n\n                        <\/div>\n                    <\/div>\n                <\/div>\n\n                <div class=\"next-arrow absolute right-0 top-0 bottom-0 flex items-center cursor-pointer\">\n                    <span class=\"text-4xl text-white\">\n                        <svg xmlns=\"http:\/\/www.w3.org\/2000\/svg\" viewBox=\"0 0 448 512\" class=\"svg-inline--fa  fal fa-arrow-right\" role=\"img\" aria-hidden=\"true\" style=\"color:currentColor\"><!--! Font Awesome Pro 6.5.2 by @fontawesome - https:\/\/fontawesome.com License - https:\/\/fontawesome.com\/license (Commercial License) Copyright 2024 Fonticons, Inc. --><path d=\"M443.3 267.3c6.2-6.2 6.2-16.4 0-22.6l-176-176c-6.2-6.2-16.4-6.2-22.6 0s-6.2 16.4 0 22.6L393.4 240 16 240c-8.8 0-16 7.2-16 16s7.2 16 16 16l377.4 0L244.7 420.7c-6.2 6.2-6.2 16.4 0 22.6s16.4 6.2 22.6 0l176-176z\" fill=\"currentColor\"><\/path><\/svg>\n\n                    <\/span>\n                <\/div>\n            <\/div>\n        <\/div>\n    <\/div>\n<\/div>\n\n\n<div\n    class=\"h-full lg:pt-12 wp-blocks-block wp-block-slider-slide-center  alignfull\"\n>\n    <div\n        class=\"h-full w-full text-white\n            \n            \n            \n            bg-pink-600\n            \n        \">\n        <div class=\"container py-12 h-full\">\n            <div class=\"relative h-full\">\n                <div class=\"alignsmall pr-12 h-full\">\n                    <div class=\"h-full text-white flex flex-col justify-center min-h-64 lg:min-h-128\">\n                        <div class=\"inner-blocks break-words\"\n                                                            data-aos=\"fade-down\" data-aos-duration=\"500\"\n                                                    >\n                            \n\n<p class=\"has-medium-font-size\"><em><em>\u201cCOST offers opportunities, especially for younger researchers or those without strong institutional support. It provides funding to travel, network, and pursue small research projects. It bridges the gap between well-financed institutions and those with limited resources. For me, it was also the first COST Action at my institute, and it opened the door for my colleagues to join too.\u201d<\/em><\/em><\/p>\n\n\n\n<p><strong><strong>Dr Sanja Horvatin\u010di\u0107, Institute of Art History, Croatia, WG Leader<\/strong><\/strong><\/p>\n\n\n\n<p><\/p>\n\n\n                        <\/div>\n                    <\/div>\n                <\/div>\n\n                <div class=\"next-arrow absolute right-0 top-0 bottom-0 flex items-center cursor-pointer\">\n                    <span class=\"text-4xl text-white\">\n                        <svg xmlns=\"http:\/\/www.w3.org\/2000\/svg\" viewBox=\"0 0 448 512\" class=\"svg-inline--fa  fal fa-arrow-right\" role=\"img\" aria-hidden=\"true\" style=\"color:currentColor\"><!--! Font Awesome Pro 6.5.2 by @fontawesome - https:\/\/fontawesome.com License - https:\/\/fontawesome.com\/license (Commercial License) Copyright 2024 Fonticons, Inc. --><path d=\"M443.3 267.3c6.2-6.2 6.2-16.4 0-22.6l-176-176c-6.2-6.2-16.4-6.2-22.6 0s-6.2 16.4 0 22.6L393.4 240 16 240c-8.8 0-16 7.2-16 16s7.2 16 16 16l377.4 0L244.7 420.7c-6.2 6.2-6.2 16.4 0 22.6s16.4 6.2 22.6 0l176-176z\" fill=\"currentColor\"><\/path><\/svg>\n\n                    <\/span>\n                <\/div>\n            <\/div>\n        <\/div>\n    <\/div>\n<\/div>\n\n\n<div\n    class=\"h-full lg:pt-12 wp-blocks-block wp-block-slider-slide-center  alignfull\"\n>\n    <div\n        class=\"h-full w-full text-white\n            \n            \n            \n            bg-pink-600\n            \n        \">\n        <div class=\"container py-12 h-full\">\n            <div class=\"relative h-full\">\n                <div class=\"alignsmall pr-12 h-full\">\n                    <div class=\"h-full text-white flex flex-col justify-center min-h-64 lg:min-h-128\">\n                        <div class=\"inner-blocks break-words\"\n                                                            data-aos=\"fade-down\" data-aos-duration=\"500\"\n                                                    >\n                            \n\n<p class=\"has-medium-font-size\"><em><em><em>\u201cCOST grants allowed young researchers and practitioners to travel, meet colleagues, and create collaborations that would have been impossible otherwise. They provided opportunities not just for academic exchange, but also for real encounters across disciplines and cultures.\u201d<\/em><\/em><\/em><\/p>\n\n\n\n<p><strong><strong><strong>Miguel Errazu, Goldsmiths&#8217; College, UK, Grant Awarding Coordinator<\/strong><\/strong><\/strong><\/p>\n\n\n\n<p><\/p>\n\n\n                        <\/div>\n                    <\/div>\n                <\/div>\n\n                <div class=\"next-arrow absolute right-0 top-0 bottom-0 flex items-center cursor-pointer\">\n                    <span class=\"text-4xl text-white\">\n                        <svg xmlns=\"http:\/\/www.w3.org\/2000\/svg\" viewBox=\"0 0 448 512\" class=\"svg-inline--fa  fal fa-arrow-right\" role=\"img\" aria-hidden=\"true\" style=\"color:currentColor\"><!--! Font Awesome Pro 6.5.2 by @fontawesome - https:\/\/fontawesome.com License - https:\/\/fontawesome.com\/license (Commercial License) Copyright 2024 Fonticons, Inc. --><path d=\"M443.3 267.3c6.2-6.2 6.2-16.4 0-22.6l-176-176c-6.2-6.2-16.4-6.2-22.6 0s-6.2 16.4 0 22.6L393.4 240 16 240c-8.8 0-16 7.2-16 16s7.2 16 16 16l377.4 0L244.7 420.7c-6.2 6.2-6.2 16.4 0 22.6s16.4 6.2 22.6 0l176-176z\" fill=\"currentColor\"><\/path><\/svg>\n\n                    <\/span>\n                <\/div>\n            <\/div>\n        <\/div>\n    <\/div>\n<\/div>\n\n\n<\/div>\n\n\n\n<h2 class=\"wp-block-heading\" id=\"h-additional-information\"><strong>Additional information:<\/strong><\/h2>\n\n\n\n<p>View the <a href=\"https:\/\/www.cost.eu\/actions\/CA20134\/#tabs+Name:Description\">Action website<\/a><\/p>\n\n\n\n<p>View the <a href=\"https:\/\/tractsnetwork.online\/outputs-media\/\">Network website<\/a><\/p>\n\n\n\n<p><\/p>\n\n\n\n<p><\/p>\n","protected":false},"excerpt":{"rendered":"<p>TRACTS establishes trace studies as an interdisciplinary field to connect the past, present &#038; future.<\/p>\n","protected":false},"author":14,"featured_media":188833,"comment_status":"closed","ping_status":"closed","sticky":false,"template":"controllers\/template-longread.php","format":"standard","meta":{"_acf_changed":false,"inline_featured_image":false,"ep_exclude_from_search":false,"footnotes":""},"categories":[1190],"tags":[2404,2403],"news_tag":[2391,2401,2397],"class_list":["post-188411","post","type-post","status-publish","format-standard","has-post-thumbnail","hentry","category-success-stories","tag-tracts","tag-ca20134","news_tag-gender-equality","news_tag-science-communication","news_tag-societal-impact"],"acf":[],"yoast_head":"<!-- This site is optimized with the Yoast SEO Premium plugin v26.0 (Yoast SEO v27.2) - https:\/\/yoast.com\/product\/yoast-seo-premium-wordpress\/ -->\n<title>TRACTS long read: traces that connect us - COST<\/title>\n<meta name=\"description\" content=\"The Action TRACTS has established trace studies as an interdisciplinary field that connects the past with the present to inform the future.\" \/>\n<meta name=\"robots\" content=\"index, follow, max-snippet:-1, max-image-preview:large, max-video-preview:-1\" \/>\n<link rel=\"canonical\" href=\"https:\/\/www.cost.eu\/long-read-tracts\/\" \/>\n<meta property=\"og:locale\" content=\"en_GB\" \/>\n<meta property=\"og:site_name\" content=\"COST\" \/>\n<meta property=\"article:publisher\" content=\"https:\/\/www.facebook.com\/COST.Programme\/\" \/>\n<meta property=\"article:published_time\" content=\"2025-12-05T09:39:30+00:00\" \/>\n<meta property=\"article:modified_time\" content=\"2025-12-17T14:33:25+00:00\" \/>\n<meta property=\"og:image\" content=\"https:\/\/www.cost.eu\/uploads\/2025\/12\/COST-Action-TRACTS-1-1200x900.jpg\" \/>\n\t<meta property=\"og:image:width\" content=\"1024\" \/>\n\t<meta property=\"og:image:height\" content=\"768\" \/>\n\t<meta property=\"og:image:type\" content=\"image\/jpeg\" \/>\n<meta name=\"author\" content=\"Svetlana Voinova\" \/>\n<meta name=\"twitter:card\" content=\"summary_large_image\" \/>\n<meta name=\"twitter:creator\" content=\"@costprogramme\" \/>\n<meta name=\"twitter:site\" content=\"@costprogramme\" \/>\n<meta name=\"twitter:label1\" content=\"Written by\" \/>\n\t<meta name=\"twitter:data1\" content=\"Svetlana Voinova\" \/>\n\t<meta name=\"twitter:label2\" content=\"Estimated reading time\" \/>\n\t<meta name=\"twitter:data2\" content=\"12 minutes\" \/>\n<script type=\"application\/ld+json\" class=\"yoast-schema-graph\">{\"@context\":\"https:\/\/schema.org\",\"@graph\":[{\"@type\":\"Article\",\"@id\":\"https:\/\/www.cost.eu\/long-read-tracts\/#article\",\"isPartOf\":{\"@id\":\"https:\/\/www.cost.eu\/long-read-tracts\/\"},\"author\":{\"name\":\"Svetlana Voinova\",\"@id\":\"https:\/\/www.cost.eu\/#\/schema\/person\/dcd5e721aa277c9f95cf99f60fe99c49\"},\"headline\":\"Long read: traces that connect us\",\"datePublished\":\"2025-12-05T09:39:30+00:00\",\"dateModified\":\"2025-12-17T14:33:25+00:00\",\"mainEntityOfPage\":{\"@id\":\"https:\/\/www.cost.eu\/long-read-tracts\/\"},\"wordCount\":2134,\"publisher\":{\"@id\":\"https:\/\/www.cost.eu\/#organization\"},\"image\":{\"@id\":\"https:\/\/www.cost.eu\/long-read-tracts\/#primaryimage\"},\"thumbnailUrl\":\"https:\/\/www.cost.eu\/uploads\/2025\/12\/COST-Action-TRACTS-1-scaled.jpg\",\"keywords\":[\"TRACTS\",\"CA20134\"],\"articleSection\":[\"Success stories\"],\"inLanguage\":\"en-GB\"},{\"@type\":\"WebPage\",\"@id\":\"https:\/\/www.cost.eu\/long-read-tracts\/\",\"url\":\"https:\/\/www.cost.eu\/long-read-tracts\/\",\"name\":\"TRACTS long read: traces that connect us - COST\",\"isPartOf\":{\"@id\":\"https:\/\/www.cost.eu\/#website\"},\"primaryImageOfPage\":{\"@id\":\"https:\/\/www.cost.eu\/long-read-tracts\/#primaryimage\"},\"image\":{\"@id\":\"https:\/\/www.cost.eu\/long-read-tracts\/#primaryimage\"},\"thumbnailUrl\":\"https:\/\/www.cost.eu\/uploads\/2025\/12\/COST-Action-TRACTS-1-scaled.jpg\",\"datePublished\":\"2025-12-05T09:39:30+00:00\",\"dateModified\":\"2025-12-17T14:33:25+00:00\",\"description\":\"The Action TRACTS has established trace studies as an interdisciplinary field that connects the past with the present to inform the future.\",\"breadcrumb\":{\"@id\":\"https:\/\/www.cost.eu\/long-read-tracts\/#breadcrumb\"},\"inLanguage\":\"en-GB\",\"potentialAction\":[{\"@type\":\"ReadAction\",\"target\":[\"https:\/\/www.cost.eu\/long-read-tracts\/\"]}]},{\"@type\":\"ImageObject\",\"inLanguage\":\"en-GB\",\"@id\":\"https:\/\/www.cost.eu\/long-read-tracts\/#primaryimage\",\"url\":\"https:\/\/www.cost.eu\/uploads\/2025\/12\/COST-Action-TRACTS-1-scaled.jpg\",\"contentUrl\":\"https:\/\/www.cost.eu\/uploads\/2025\/12\/COST-Action-TRACTS-1-scaled.jpg\",\"width\":4000,\"height\":3000,\"caption\":\"TRACTS generated image\"},{\"@type\":\"BreadcrumbList\",\"@id\":\"https:\/\/www.cost.eu\/long-read-tracts\/#breadcrumb\",\"itemListElement\":[{\"@type\":\"ListItem\",\"position\":1,\"name\":\"Home\",\"item\":\"https:\/\/www.cost.eu\/\"},{\"@type\":\"ListItem\",\"position\":2,\"name\":\"Long read: traces that connect us\"}]},{\"@type\":\"WebSite\",\"@id\":\"https:\/\/www.cost.eu\/#website\",\"url\":\"https:\/\/www.cost.eu\/\",\"name\":\"COST\",\"description\":\"\",\"publisher\":{\"@id\":\"https:\/\/www.cost.eu\/#organization\"},\"potentialAction\":[{\"@type\":\"SearchAction\",\"target\":{\"@type\":\"EntryPoint\",\"urlTemplate\":\"https:\/\/www.cost.eu\/?s={search_term_string}\"},\"query-input\":{\"@type\":\"PropertyValueSpecification\",\"valueRequired\":true,\"valueName\":\"search_term_string\"}}],\"inLanguage\":\"en-GB\"},{\"@type\":\"Organization\",\"@id\":\"https:\/\/www.cost.eu\/#organization\",\"name\":\"COST - European Cooperation in Science and Technology\",\"url\":\"https:\/\/www.cost.eu\/\",\"logo\":{\"@type\":\"ImageObject\",\"inLanguage\":\"en-GB\",\"@id\":\"https:\/\/www.cost.eu\/#\/schema\/logo\/image\/\",\"url\":\"https:\/\/www.cost.eu\/uploads\/2021\/03\/Logo-banner.png\",\"contentUrl\":\"https:\/\/www.cost.eu\/uploads\/2021\/03\/Logo-banner.png\",\"width\":195,\"height\":91,\"caption\":\"COST - European Cooperation in Science and Technology\"},\"image\":{\"@id\":\"https:\/\/www.cost.eu\/#\/schema\/logo\/image\/\"},\"sameAs\":[\"https:\/\/www.facebook.com\/COST.Programme\/\",\"https:\/\/x.com\/costprogramme\",\"https:\/\/www.instagram.com\/cost_programme\/\",\"https:\/\/www.linkedin.com\/company\/cost-office\/\",\"https:\/\/www.youtube.com\/user\/COSTOffice\",\"https:\/\/soundcloud.com\/user-391669709\"]},{\"@type\":\"Person\",\"@id\":\"https:\/\/www.cost.eu\/#\/schema\/person\/dcd5e721aa277c9f95cf99f60fe99c49\",\"name\":\"Svetlana Voinova\",\"url\":\"https:\/\/www.cost.eu\/author\/svetlana\/\"}]}<\/script>\n<!-- \/ Yoast SEO Premium plugin. -->","yoast_head_json":{"title":"TRACTS long read: traces that connect us - COST","description":"The Action TRACTS has established trace studies as an interdisciplinary field that connects the past with the present to inform the future.","robots":{"index":"index","follow":"follow","max-snippet":"max-snippet:-1","max-image-preview":"max-image-preview:large","max-video-preview":"max-video-preview:-1"},"canonical":"https:\/\/www.cost.eu\/long-read-tracts\/","og_locale":"en_GB","og_site_name":"COST","article_publisher":"https:\/\/www.facebook.com\/COST.Programme\/","article_published_time":"2025-12-05T09:39:30+00:00","article_modified_time":"2025-12-17T14:33:25+00:00","og_image":[{"width":1024,"height":768,"url":"https:\/\/www.cost.eu\/uploads\/2025\/12\/COST-Action-TRACTS-1-1200x900.jpg","type":"image\/jpeg"}],"author":"Svetlana Voinova","twitter_card":"summary_large_image","twitter_creator":"@costprogramme","twitter_site":"@costprogramme","twitter_misc":{"Written by":"Svetlana Voinova","Estimated reading time":"12 minutes"},"schema":{"@context":"https:\/\/schema.org","@graph":[{"@type":"Article","@id":"https:\/\/www.cost.eu\/long-read-tracts\/#article","isPartOf":{"@id":"https:\/\/www.cost.eu\/long-read-tracts\/"},"author":{"name":"Svetlana Voinova","@id":"https:\/\/www.cost.eu\/#\/schema\/person\/dcd5e721aa277c9f95cf99f60fe99c49"},"headline":"Long read: traces that connect us","datePublished":"2025-12-05T09:39:30+00:00","dateModified":"2025-12-17T14:33:25+00:00","mainEntityOfPage":{"@id":"https:\/\/www.cost.eu\/long-read-tracts\/"},"wordCount":2134,"publisher":{"@id":"https:\/\/www.cost.eu\/#organization"},"image":{"@id":"https:\/\/www.cost.eu\/long-read-tracts\/#primaryimage"},"thumbnailUrl":"https:\/\/www.cost.eu\/uploads\/2025\/12\/COST-Action-TRACTS-1-scaled.jpg","keywords":["TRACTS","CA20134"],"articleSection":["Success stories"],"inLanguage":"en-GB"},{"@type":"WebPage","@id":"https:\/\/www.cost.eu\/long-read-tracts\/","url":"https:\/\/www.cost.eu\/long-read-tracts\/","name":"TRACTS long read: traces that connect us - COST","isPartOf":{"@id":"https:\/\/www.cost.eu\/#website"},"primaryImageOfPage":{"@id":"https:\/\/www.cost.eu\/long-read-tracts\/#primaryimage"},"image":{"@id":"https:\/\/www.cost.eu\/long-read-tracts\/#primaryimage"},"thumbnailUrl":"https:\/\/www.cost.eu\/uploads\/2025\/12\/COST-Action-TRACTS-1-scaled.jpg","datePublished":"2025-12-05T09:39:30+00:00","dateModified":"2025-12-17T14:33:25+00:00","description":"The Action TRACTS has established trace studies as an interdisciplinary field that connects the past with the present to inform the future.","breadcrumb":{"@id":"https:\/\/www.cost.eu\/long-read-tracts\/#breadcrumb"},"inLanguage":"en-GB","potentialAction":[{"@type":"ReadAction","target":["https:\/\/www.cost.eu\/long-read-tracts\/"]}]},{"@type":"ImageObject","inLanguage":"en-GB","@id":"https:\/\/www.cost.eu\/long-read-tracts\/#primaryimage","url":"https:\/\/www.cost.eu\/uploads\/2025\/12\/COST-Action-TRACTS-1-scaled.jpg","contentUrl":"https:\/\/www.cost.eu\/uploads\/2025\/12\/COST-Action-TRACTS-1-scaled.jpg","width":4000,"height":3000,"caption":"TRACTS generated image"},{"@type":"BreadcrumbList","@id":"https:\/\/www.cost.eu\/long-read-tracts\/#breadcrumb","itemListElement":[{"@type":"ListItem","position":1,"name":"Home","item":"https:\/\/www.cost.eu\/"},{"@type":"ListItem","position":2,"name":"Long read: traces that connect us"}]},{"@type":"WebSite","@id":"https:\/\/www.cost.eu\/#website","url":"https:\/\/www.cost.eu\/","name":"COST","description":"","publisher":{"@id":"https:\/\/www.cost.eu\/#organization"},"potentialAction":[{"@type":"SearchAction","target":{"@type":"EntryPoint","urlTemplate":"https:\/\/www.cost.eu\/?s={search_term_string}"},"query-input":{"@type":"PropertyValueSpecification","valueRequired":true,"valueName":"search_term_string"}}],"inLanguage":"en-GB"},{"@type":"Organization","@id":"https:\/\/www.cost.eu\/#organization","name":"COST - European Cooperation in Science and Technology","url":"https:\/\/www.cost.eu\/","logo":{"@type":"ImageObject","inLanguage":"en-GB","@id":"https:\/\/www.cost.eu\/#\/schema\/logo\/image\/","url":"https:\/\/www.cost.eu\/uploads\/2021\/03\/Logo-banner.png","contentUrl":"https:\/\/www.cost.eu\/uploads\/2021\/03\/Logo-banner.png","width":195,"height":91,"caption":"COST - European Cooperation in Science and Technology"},"image":{"@id":"https:\/\/www.cost.eu\/#\/schema\/logo\/image\/"},"sameAs":["https:\/\/www.facebook.com\/COST.Programme\/","https:\/\/x.com\/costprogramme","https:\/\/www.instagram.com\/cost_programme\/","https:\/\/www.linkedin.com\/company\/cost-office\/","https:\/\/www.youtube.com\/user\/COSTOffice","https:\/\/soundcloud.com\/user-391669709"]},{"@type":"Person","@id":"https:\/\/www.cost.eu\/#\/schema\/person\/dcd5e721aa277c9f95cf99f60fe99c49","name":"Svetlana Voinova","url":"https:\/\/www.cost.eu\/author\/svetlana\/"}]}},"_links":{"self":[{"href":"https:\/\/www.cost.eu\/wp-json\/wp\/v2\/posts\/188411","targetHints":{"allow":["GET"]}}],"collection":[{"href":"https:\/\/www.cost.eu\/wp-json\/wp\/v2\/posts"}],"about":[{"href":"https:\/\/www.cost.eu\/wp-json\/wp\/v2\/types\/post"}],"author":[{"embeddable":true,"href":"https:\/\/www.cost.eu\/wp-json\/wp\/v2\/users\/14"}],"replies":[{"embeddable":true,"href":"https:\/\/www.cost.eu\/wp-json\/wp\/v2\/comments?post=188411"}],"version-history":[{"count":1,"href":"https:\/\/www.cost.eu\/wp-json\/wp\/v2\/posts\/188411\/revisions"}],"predecessor-version":[{"id":188925,"href":"https:\/\/www.cost.eu\/wp-json\/wp\/v2\/posts\/188411\/revisions\/188925"}],"wp:featuredmedia":[{"embeddable":true,"href":"https:\/\/www.cost.eu\/wp-json\/wp\/v2\/media\/188833"}],"wp:attachment":[{"href":"https:\/\/www.cost.eu\/wp-json\/wp\/v2\/media?parent=188411"}],"wp:term":[{"taxonomy":"category","embeddable":true,"href":"https:\/\/www.cost.eu\/wp-json\/wp\/v2\/categories?post=188411"},{"taxonomy":"post_tag","embeddable":true,"href":"https:\/\/www.cost.eu\/wp-json\/wp\/v2\/tags?post=188411"},{"taxonomy":"news_tag","embeddable":true,"href":"https:\/\/www.cost.eu\/wp-json\/wp\/v2\/news_tag?post=188411"}],"curies":[{"name":"wp","href":"https:\/\/api.w.org\/{rel}","templated":true}]}}